[{"@context":"https:\/\/schema.org\/","@type":"Article","@id":"https:\/\/www.batiky.cz\/zvirata-mam-ze-vsech-lidi-nejradeji\/#Article","mainEntityOfPage":"https:\/\/www.batiky.cz\/zvirata-mam-ze-vsech-lidi-nejradeji\/","headline":"Zv\u00ed\u0159ata m\u00e1m ze v\u0161ech lid\u00ed nejrad\u011bji","name":"Zv\u00ed\u0159ata m\u00e1m ze v\u0161ech lid\u00ed nejrad\u011bji","description":"Zn\u00e1m\u00fd cit\u00e1t je vtipn\u00fd i smutn\u00fd z\u00e1rove\u0148. N\u011bco toti\u017e vypov\u00edd\u00e1 o lidsk\u00e9 povaze a charakteru, kdy\u017e se k n\u011bmu hl\u00e1s\u00ed tolik lid\u00ed. Spousta z n\u00e1s, kter\u00e1 dob\u0159e poznala zv\u00ed\u0159ec\u00ed, ale hlavn\u011b lidskou povahu, m\u016f\u017ee srovn\u00e1vat. Odpov\u011bdi na ot\u00e1zku, pro\u010d m\u00e1 tolik lid\u00ed pocit, \u017ee m\u00e1 rad\u011bji svoje dom\u00e1c\u00ed zv\u00ed\u0159\u00e1tko ne\u017e n\u011bkter\u00e9 lidi , n\u00e1s ur\u010dit\u011b [&hellip;]","datePublished":"2023-05-01","dateModified":"2023-05-01","author":{"@type":"Person","@id":"https:\/\/www.batiky.cz\/author\/#Person","name":"","url":"https:\/\/www.batiky.cz\/author\/","identifier":1,"image":{"@type":"ImageObject","@id":"https:\/\/secure.gravatar.com\/avatar\/6b1978a802e1d2522476d4f1a954a19e989b74ba84b3e15a182efb651cc75097?s=96&d=mm&r=g","url":"https:\/\/secure.gravatar.com\/avatar\/6b1978a802e1d2522476d4f1a954a19e989b74ba84b3e15a182efb651cc75097?s=96&d=mm&r=g","height":96,"width":96}},"publisher":{"@type":"Organization","name":"batiky.cz","logo":{"@type":"ImageObject","@id":"\/logo.png","url":"\/logo.png","width":600,"height":60}},"url":"https:\/\/www.batiky.cz\/zvirata-mam-ze-vsech-lidi-nejradeji\/","wordCount":438,"articleBody":"Zn\u00e1m\u00fd cit\u00e1t je vtipn\u00fd i smutn\u00fd z\u00e1rove\u0148. N\u011bco toti\u017e vypov\u00edd\u00e1 o lidsk\u00e9 povaze a charakteru, kdy\u017e se k n\u011bmu hl\u00e1s\u00ed tolik lid\u00ed. Spousta z n\u00e1s, kter\u00e1 dob\u0159e poznala zv\u00ed\u0159ec\u00ed, ale hlavn\u011b lidskou povahu, m\u016f\u017ee srovn\u00e1vat.Odpov\u011bdi na ot\u00e1zku, pro\u010d m\u00e1 tolik lid\u00ed pocit, \u017ee m\u00e1 rad\u011bji svoje dom\u00e1c\u00ed zv\u00ed\u0159\u00e1tko ne\u017e n\u011bkter\u00e9 lidi , n\u00e1s ur\u010dit\u011b p\u0159\u00edli\u0161 nep\u0159ekvap\u00ed. Je to proto, \u017ee zv\u00ed\u0159e:\u00b7\u00a0\u00a0\u00a0\u00a0\u00a0\u00a0\u00a0\u00a0 n\u00e1s nikdy nezrad\u00ed\u00b7\u00a0\u00a0\u00a0\u00a0\u00a0\u00a0\u00a0\u00a0 v\u017edycky si na n\u00e1s ud\u011bl\u00e1 \u010das\u00b7\u00a0\u00a0\u00a0\u00a0\u00a0\u00a0\u00a0\u00a0 je snadn\u00e9 je pot\u011b\u0161it\u00b7\u00a0\u00a0\u00a0\u00a0\u00a0\u00a0\u00a0\u00a0 neum\u00ed lh\u00e1t\u00b7\u00a0\u00a0\u00a0\u00a0\u00a0\u00a0\u00a0\u00a0 dok\u00e1\u017ee \u017e\u00edt v p\u0159\u00edtomnosti\u00b7\u00a0\u00a0\u00a0\u00a0\u00a0\u00a0\u00a0\u00a0 pom\u00e1h\u00e1 n\u00e1m a posiluje na\u0161i psychiku\u00a0Zv\u00ed\u0159e je \u017eiv\u00fd tvor a a\u0165 u\u017e je to pes, ko\u010dka nebo t\u0159eba mor\u010de \u010di kr\u00e1l\u00edk, dok\u00e1\u017e\u00ed tyto n\u011bm\u00e9 tv\u00e1\u0159e p\u0159esto \u010dlov\u011bku porozum\u011bt a lid\u00e9 u nich nal\u00e9zaj\u00ed \u00fat\u011bchu. Nen\u00ed tak vz\u00e1cn\u00e9, \u017ee \u010dlov\u011bk a zv\u00ed\u0159e si navz\u00e1jem zachr\u00e1n\u00ed \u017eivot. Beznad\u011bjn\u00fd \u010dlov\u011bk znovu najde smysl sv\u00e9ho \u017eivota a zv\u00ed\u0159\u00e1tko, kter\u00e9 by jinak \u010dekalo smutn\u00fd konec, najde nov\u00fd l\u00e1skypln\u00fd domov.\u00a0Podpora opu\u0161t\u011bn\u00fdm zv\u00ed\u0159at\u016fmNa podporu t\u00fdran\u00fdch a opu\u0161t\u011bn\u00fdch zv\u00ed\u0159at se po\u0159\u00e1daj\u00ed charitativn\u00ed akce, jejich\u017e v\u00fdt\u011b\u017eek putuje do \u00fatulk\u016f a z\u00e1chrann\u00fdch stanic i na podporu a pomoc v konkr\u00e9tn\u00edch p\u0159\u00edpadech. Lidi si na\u0161t\u011bst\u00ed uv\u011bdomuj\u00ed, \u017ee bez jejich pomoci nemaj\u00ed zv\u00ed\u0159ata se \u0161patn\u00fdm \u017eivotn\u00edm osudem \u0161anci a i soukrom\u011b, nap\u0159. n\u00e1kupem zbo\u017e\u00ed, p\u0159isp\u00edvaj\u00ed na ochranu zv\u00ed\u0159at. V roce 2005 byl zalo\u017een ve spolupr\u00e1ci s pan\u00ed Martou Kubi\u0161ovou Institut nadace na ochranu zv\u00ed\u0159at, kter\u00e1 h\u00e1j\u00ed z\u00e1jmy a pr\u00e1va zv\u00ed\u0159at. Nejen zn\u00e1m\u00e9 osobnosti, ale ka\u017ed\u00fd z n\u00e1s se m\u016f\u017ee zapojit v organizaci Svoboda zv\u00ed\u0159at, jen\u017e u n\u00e1s \u00fasp\u011b\u0161n\u011b p\u016fsob\u00ed u\u017e p\u0159es dvacet let.\u00a0Rozum\u00edme \u0159e\u010di zv\u00ed\u0159at?Zv\u00ed\u0159ata k dorozum\u00edv\u00e1n\u00ed s n\u00e1mi pou\u017e\u00edvaj\u00ed \u0159e\u010d t\u011bla a r\u016fzn\u00e9 hlasov\u00e9 projevy, proto\u017ee jinou \u0159e\u010d neznaj\u00ed. Je na n\u00e1s, abychom pochopili, co se n\u00e1m sna\u017e\u00ed \u0159\u00edci a abychom znali jejich p\u0159irozen\u00e9 pot\u0159eby. Zv\u00ed\u0159at\u016fm je \u010dasto ubli\u017eov\u00e1no a b\u00fdv\u00e1 to z\u00e1m\u011brn\u011b i z nev\u011bdomosti. M\u00e1me pr\u00e1vo c\u00edtit a chovat se k nim nad\u0159azen\u011b jen proto, \u017ee jsme jak\u00fdsi \u201evy\u0161\u0161\u00ed\u201c druh?                                                                                                                                                                                                                                                                                                                                                                                        4.5\/5 - (13 votes)        "},{"@context":"https:\/\/schema.org\/","@type":"BreadcrumbList","itemListElement":[{"@type":"ListItem","position":1,"name":"Zv\u00ed\u0159ata m\u00e1m ze v\u0161ech lid\u00ed nejrad\u011bji","item":"https:\/\/www.batiky.cz\/zvirata-mam-ze-vsech-lidi-nejradeji\/#breadcrumbitem"}]}]