[{"@context":"https:\/\/schema.org\/","@type":"Article","@id":"https:\/\/www.batiky.cz\/vezmete-s-sebou-vice-veci\/#Article","mainEntityOfPage":"https:\/\/www.batiky.cz\/vezmete-s-sebou-vice-veci\/","headline":"Vezm\u011bte s sebou v\u00edce v\u011bc\u00ed","name":"Vezm\u011bte s sebou v\u00edce v\u011bc\u00ed","description":"Vlastn\u00edte-li automobil, se kter\u00fdm se chcete vyd\u00e1vat na dovolenou, tak mo\u017en\u00e1 budete pot\u0159ebovat ta\u017en\u00e9 za\u0159\u00edzen\u00ed. Je d\u016fle\u017eit\u00e9 vybrat si podle auta, kter\u00e9 m\u00e1te, aby za\u0159\u00edzen\u00ed sed\u011blo na Va\u0161e vozidlo. S ta\u017en\u00fdm za\u0159\u00edzen\u00edm m\u016f\u017eete za Va\u0161e vozidlo zah\u00e1knout p\u0159\u00edv\u011bs nebo tak\u00e9 stojan na kola. D\u00e1le m\u016f\u017eete vyu\u017e\u00edt i k zah\u00e1knut\u00ed obytn\u00e9ho vozu, podle toho, zda Va\u0161e [&hellip;]","datePublished":"2020-12-26","dateModified":"2023-05-01","author":{"@type":"Person","@id":"https:\/\/www.batiky.cz\/author\/#Person","name":"","url":"https:\/\/www.batiky.cz\/author\/","identifier":1,"image":{"@type":"ImageObject","@id":"https:\/\/secure.gravatar.com\/avatar\/6b1978a802e1d2522476d4f1a954a19e989b74ba84b3e15a182efb651cc75097?s=96&d=mm&r=g","url":"https:\/\/secure.gravatar.com\/avatar\/6b1978a802e1d2522476d4f1a954a19e989b74ba84b3e15a182efb651cc75097?s=96&d=mm&r=g","height":96,"width":96}},"publisher":{"@type":"Organization","name":"batiky.cz","logo":{"@type":"ImageObject","@id":"\/logo.png","url":"\/logo.png","width":600,"height":60}},"image":{"@type":"ImageObject","@id":"https:\/\/www.batiky.cz\/wp-content\/uploads\/obytn%C3%BD%20v%C5%AFz.jpg","url":"https:\/\/www.batiky.cz\/wp-content\/uploads\/obytn%C3%BD%20v%C5%AFz.jpg","height":0,"width":0},"url":"https:\/\/www.batiky.cz\/vezmete-s-sebou-vice-veci\/","about":["Produkty"],"wordCount":443,"articleBody":"      Vlastn\u00edte-li automobil, se kter\u00fdm se chcete vyd\u00e1vat na dovolenou, tak mo\u017en\u00e1 budete pot\u0159ebovat ta\u017en\u00e9 za\u0159\u00edzen\u00ed. Je d\u016fle\u017eit\u00e9 vybrat si podle auta, kter\u00e9 m\u00e1te, aby za\u0159\u00edzen\u00ed sed\u011blo na Va\u0161e vozidlo. S ta\u017en\u00fdm za\u0159\u00edzen\u00edm m\u016f\u017eete za Va\u0161e vozidlo zah\u00e1knout p\u0159\u00edv\u011bs nebo tak\u00e9 stojan na kola. D\u00e1le m\u016f\u017eete vyu\u017e\u00edt i k zah\u00e1knut\u00ed obytn\u00e9ho vozu, podle toho, zda Va\u0161e auto ut\u00e1hne obytn\u00fd v\u016fz.   Jestli\u017ee se chcete vydat n\u011bkam, kam s sebou chcete vz\u00edt i Va\u0161e kola, tak nemus\u00edte \u0159e\u0161it, kam kola v aut\u011b d\u00e1t, zda se vejdou na st\u0159echu atp. Nemus\u00edte sh\u00e1n\u011bt &#8222;zahr\u00e1dku&#8220; na st\u0159echu. Vysta\u010d\u00edte si pouze s ta\u017en\u00fdm za\u0159\u00edzen\u00edm. To um\u00edst\u00edte za kufr a na n\u011bj d\u00e1te Va\u0161i SPZ.  Vydat se na dovolenou m\u016f\u017eete i bez toho, abyste \u0159e\u0161ili zap\u016fj\u010den\u00ed kol nebo abyste \u0159e\u0161ili ubytov\u00e1n\u00ed, kter\u00e9 nev\u00edte, kdy bude op\u011bt zak\u00e1z\u00e1no. Do p\u0159\u00edrody nebo na jin\u00ed m\u00edsto m\u016f\u017eete vz\u00edt Va\u0161e vozidlo a obytn\u00fd p\u0159\u00edv\u011bs. Ten zah\u00e1knete za automobil a m\u016f\u017eete jet.  Nap\u0159\u00edklad na vozidlo Fabia m\u016f\u017eete p\u0159id\u011blat ta\u017en\u00e9 za\u0159\u00edzen\u00ed fabia Amsa. M\u016f\u017eete ho p\u0159id\u011blat bu\u010f na trvalo nebo jej m\u016f\u017eete sundat, kdy\u017e budete cht\u00edt. Na pevno se p\u0159id\u011bl\u00e1v\u00e1 pomoc\u00ed dvou a\u017e \u010dty\u0159 \u0161roub\u016f. Odn\u00edmateln\u00e1 s bajonet. Vybrat si m\u016f\u017eete takov\u00e9, kter\u00e9 V\u00e1m bude vyhovovat. Na automobil si m\u016f\u017eete vybrat podle sebe, jakou konstrukci budete cht\u00edt.   Ta\u017en\u00e9 za\u0159\u00edzen\u00ed vyu\u017eijete tak\u00e9 k p\u0159eprav\u011b r\u016fzn\u00fdch v\u011bc\u00ed, kter\u00e9 budete pot\u0159ebovat p\u0159ev\u00e9st, ale nevejdou se V\u00e1m do kufru. Nap\u0159\u00edklad pokud pot\u0159ebujete novou pra\u010dku, ledni\u010dku nebo jin\u00fd spot\u0159ebi\u010d, tak na ta\u017en\u00e9 za\u0159\u00edzen\u00ed m\u016f\u017eete zah\u00e1knout p\u0159\u00edv\u011bs a do tohoto p\u0159\u00edv\u011bsu d\u00e1t to, co zrovna pot\u0159ebujete p\u0159ev\u00e9st. P\u0159\u00edv\u011bs se hod\u00ed tak\u00e9 ke st\u011bhov\u00e1n\u00ed. Seda\u010dku nebo n\u011bco jin\u00e9ho v\u011bt\u0161\u00edho do kufru ned\u00e1te, ani kdybyste m\u011bli combi vozidlo. Proto se hod\u00ed m\u00edt eso v ruk\u00e1vu, \u010d\u00edm\u017e je ta\u017en\u00e9 za\u0159\u00edzen\u00ed, kter\u00e9 m\u016f\u017eete vyu\u017e\u00edt k r\u016fzn\u00fdm p\u0159\u00edle\u017eitostem nebo pomoc sv\u00fdm bl\u00edzk\u00fdm, kdy\u017e budou tak\u00e9 pot\u0159ebovat odv\u00e9zt v\u011bt\u0161\u00ed v\u011bc.                                                                                                                                                                                                                                                                                                                                                                                          4.5\/5 - (17 votes)        "},{"@context":"https:\/\/schema.org\/","@type":"BreadcrumbList","itemListElement":[{"@type":"ListItem","position":1,"name":"Vezm\u011bte s sebou v\u00edce v\u011bc\u00ed","item":"https:\/\/www.batiky.cz\/vezmete-s-sebou-vice-veci\/#breadcrumbitem"}]}]