[{"@context":"https:\/\/schema.org\/","@type":"Article","@id":"https:\/\/www.batiky.cz\/ve-zhavem-lete-oblecte-cerne-dlouhe-saty\/#Article","mainEntityOfPage":"https:\/\/www.batiky.cz\/ve-zhavem-lete-oblecte-cerne-dlouhe-saty\/","headline":"Ve \u017ehav\u00e9m l\u00e9t\u011b oble\u010dte \u010dern\u00e9 dlouh\u00e9 \u0161aty","name":"Ve \u017ehav\u00e9m l\u00e9t\u011b oble\u010dte \u010dern\u00e9 dlouh\u00e9 \u0161aty","description":"\u010cern\u00e1 barva je ta prav\u00e1 klasika mezi barvami. A nejenom to, \u010dern\u00e1, je skv\u011blou barvou outfit\u016f na l\u00e9to. Pr\u00e1v\u011b v l\u00e9t\u011b n\u00e1m bude tato nad\u010dasov\u00e1 barva p\u011bkn\u011b slu\u0161et a budeme se v n\u00ed c\u00edtit naprosto skv\u011ble. B\u011bhem l\u00e9ta se sice unos\u00ed i vesel\u00e9, pestr\u00e9, nebo i pastelov\u00e9 barvy. Ale v\u00edd\u00e1me je tak \u010dasto okolo sebe, [&hellip;]","datePublished":"2020-09-13","dateModified":"2023-05-01","author":{"@type":"Person","@id":"https:\/\/www.batiky.cz\/author\/#Person","name":"","url":"https:\/\/www.batiky.cz\/author\/","identifier":1,"image":{"@type":"ImageObject","@id":"https:\/\/secure.gravatar.com\/avatar\/6b1978a802e1d2522476d4f1a954a19e989b74ba84b3e15a182efb651cc75097?s=96&d=mm&r=g","url":"https:\/\/secure.gravatar.com\/avatar\/6b1978a802e1d2522476d4f1a954a19e989b74ba84b3e15a182efb651cc75097?s=96&d=mm&r=g","height":96,"width":96}},"publisher":{"@type":"Organization","name":"batiky.cz","logo":{"@type":"ImageObject","@id":"\/logo.png","url":"\/logo.png","width":600,"height":60}},"image":{"@type":"ImageObject","@id":"https:\/\/www.batiky.cz\/wp-content\/uploads\/img_a289775_w2057_t1501267087.jpg","url":"https:\/\/www.batiky.cz\/wp-content\/uploads\/img_a289775_w2057_t1501267087.jpg","height":0,"width":0},"url":"https:\/\/www.batiky.cz\/ve-zhavem-lete-oblecte-cerne-dlouhe-saty\/","about":["\u017divotn\u00ed styl"],"wordCount":395,"articleBody":"\u010cern\u00e1 barva je ta prav\u00e1 klasika mezi barvami. A nejenom to, \u010dern\u00e1, je skv\u011blou barvou outfit\u016f na l\u00e9to. Pr\u00e1v\u011b v l\u00e9t\u011b n\u00e1m bude tato nad\u010dasov\u00e1 barva p\u011bkn\u011b slu\u0161et a budeme se v n\u00ed c\u00edtit naprosto skv\u011ble. B\u011bhem l\u00e9ta se sice unos\u00ed i vesel\u00e9, pestr\u00e9, nebo i pastelov\u00e9 barvy. Ale v\u00edd\u00e1me je tak \u010dasto okolo sebe, \u017ee se v nich ztr\u00e1c\u00edme. Proto si jednodu\u0161e oble\u010deme \u010dernou, abychom kr\u00e1sn\u011b vynikly a vy\u010dn\u00edvaly z davu. Tato barva se v l\u00e9t\u011b velice \u010dasto a zcela zbyte\u010dn\u011b opom\u00edj\u00ed, a to je velik\u00e1 \u0161koda. A\u010dkoliv \u010dern\u00e1 barva p\u0159itahuje slune\u010dn\u00ed sv\u011btlo, v od\u011bvech u\u0161it\u00fdch z t\u011bch spr\u00e1vn\u00fdch materi\u00e1l\u016f n\u00e1m v\u016fbec horko nebude.\tPro\u010d zvolit pr\u00e1v\u011b \u010dernou na l\u00e9to?\u00b7\u00a0\u00a0\u00a0\u00a0\u00a0\u00a0\u00a0\u00a0 \u010cern\u00e1 barva na oble\u010den\u00ed hezky ze\u0161t\u00edhluje.\u00b7\u00a0\u00a0\u00a0\u00a0\u00a0\u00a0\u00a0\u00a0 Vypad\u00e1me v n\u00ed v\u017edy elegantn\u011b a stylov\u011b.\u00b7\u00a0\u00a0\u00a0\u00a0\u00a0\u00a0\u00a0\u00a0 Je mo\u017en\u00e9 ji sladit s jakoukoliv jinou barvou.\u00b7\u00a0\u00a0\u00a0\u00a0\u00a0\u00a0\u00a0\u00a0 N\u00e1dhern\u011b slu\u0161\u00ed k op\u00e1len\u00e9 poko\u017ece.\u00b7\u00a0\u00a0\u00a0\u00a0\u00a0\u00a0\u00a0\u00a0 Je to barva nen\u00e1padn\u00e1 a p\u0159esto \u0161ik.\u00b7\u00a0\u00a0\u00a0\u00a0\u00a0\u00a0\u00a0\u00a0 \u010cern\u00e1 barva p\u0159it\u00e1hne slune\u010dn\u00ed svit, pohlt\u00ed jej a d\u00e1le nepropust\u00ed k t\u011blu, tak\u017ee ochra\u0148uje p\u0159ed horkem.\tJak ji nosit?Pokud se nechceme b\u011bhem l\u00e9ta halit od hlavy a\u017e k pat\u011b pouze do \u010dern\u00e9, je ide\u00e1ln\u00ed ji zkombinovat i s jin\u00fdmi barvami. Zde je n\u011bkolik tip\u016f, jak m\u016f\u017eeme \u010dernou barvu kombinovat:\u00b7\u00a0\u00a0\u00a0\u00a0\u00a0\u00a0\u00a0\u00a0 Klasick\u00e1 kombinace, kter\u00e1 snad nikdy nevyjde z m\u00f3dy, je \u010dern\u00e1 s barvou b\u00edlou.\u00b7\u00a0\u00a0\u00a0\u00a0\u00a0\u00a0\u00a0\u00a0 Neot\u0159ele vypad\u00e1 \u010dern\u00e1 v kombinaci s denimem.\u00b7\u00a0\u00a0\u00a0\u00a0\u00a0\u00a0\u00a0\u00a0 Zvolit m\u016f\u017eeme tak\u00e9 vhodn\u00e9 dopl\u0148ky ve v\u00fdrazn\u00fdch kontrastn\u00edch barv\u00e1ch, jako jsou nap\u0159\u00edklad \u0161\u00e1tky, kabelky, nebo i sand\u00e1lky, \u010di baler\u00edny. T\u00edm se cel\u00fd n\u00e1\u0161 outfit rozz\u00e1\u0159\u00ed a na ulici n\u00e1s nikdo nep\u0159ehl\u00e9dne.\t\u010cern\u00e9 plavkyIde\u00e1ln\u00ed plavky na l\u00e9to potom b\u00fdvaj\u00ed v barv\u011b \u010dern\u00e9. S takov\u00fdmi plavkami, a\u0165 u\u017e celkov\u00fdmi, nebo dvojd\u00edln\u00fdmi, nikdy nes\u00e1hneme vedle. Velice dob\u0159e poslou\u017e\u00ed k zamaskov\u00e1n\u00ed n\u011bjak\u00e9ho toho kila nav\u00edc. Vhodn\u00e9 je volit \u010dern\u00e9 plavky ze strukturovan\u00e9ho materi\u00e1lu, jako je nap\u0159\u00edklad \u017eebrov\u00e1n\u00ed, nebo s barevn\u00fdmi pruhy po stran\u00e1ch.\u00a0                                                                                                                                                                                                                                                                                                                                                                                        5\/5 - (2 votes)        "},{"@context":"https:\/\/schema.org\/","@type":"BreadcrumbList","itemListElement":[{"@type":"ListItem","position":1,"name":"Ve \u017ehav\u00e9m l\u00e9t\u011b oble\u010dte \u010dern\u00e9 dlouh\u00e9 \u0161aty","item":"https:\/\/www.batiky.cz\/ve-zhavem-lete-oblecte-cerne-dlouhe-saty\/#breadcrumbitem"}]}]