[{"@context":"https:\/\/schema.org\/","@type":"Article","@id":"https:\/\/www.batiky.cz\/prostredi-kam-se-radi-vracime\/#Article","mainEntityOfPage":"https:\/\/www.batiky.cz\/prostredi-kam-se-radi-vracime\/","headline":"Prost\u0159ed\u00ed, kam se r\u00e1di vrac\u00edme","name":"Prost\u0159ed\u00ed, kam se r\u00e1di vrac\u00edme","description":"Tou\u017e\u00edte po kr\u00e1sn\u00e9m prost\u0159ed\u00ed, kam byste se velice r\u00e1di vraceli? Pak je zde p\u0159ipraven\u00e1 speci\u00e1ln\u00ed nab\u00eddka na\u0161eho rodinn\u00e9ho z\u00e1zem\u00ed. Nask\u00fdt\u00e1 se zde ubytov\u00e1n\u00ed penzion Valtice. Modern\u00ed pokoje, kter\u00e9 jsou renovovan\u00e9 a tak\u00e9 nov\u00e9 cenov\u00e9 nab\u00eddky. Pokoje jsou v\u00a0r\u016fzn\u00e9m stylu, av\u0161ak potrp\u00edme si na vysokou \u00farove\u0148, ale z\u00e1rove\u0148 \u00fatuln\u00e9 barvy. Tak\u00e9 nab\u00edz\u00edme mo\u017enost vybrat si hned [&hellip;]","datePublished":"2024-11-07","dateModified":"2024-11-07","author":{"@type":"Person","@id":"https:\/\/www.batiky.cz\/author\/#Person","name":"","url":"https:\/\/www.batiky.cz\/author\/","identifier":1,"image":{"@type":"ImageObject","@id":"https:\/\/secure.gravatar.com\/avatar\/6b1978a802e1d2522476d4f1a954a19e989b74ba84b3e15a182efb651cc75097?s=96&d=mm&r=g","url":"https:\/\/secure.gravatar.com\/avatar\/6b1978a802e1d2522476d4f1a954a19e989b74ba84b3e15a182efb651cc75097?s=96&d=mm&r=g","height":96,"width":96}},"publisher":{"@type":"Organization","name":"batiky.cz","logo":{"@type":"ImageObject","@id":"\/logo.png","url":"\/logo.png","width":600,"height":60}},"url":"https:\/\/www.batiky.cz\/prostredi-kam-se-radi-vracime\/","wordCount":256,"articleBody":"\tTou\u017e\u00edte po kr\u00e1sn\u00e9m prost\u0159ed\u00ed, kam byste se velice r\u00e1di vraceli? Pak je zde p\u0159ipraven\u00e1 speci\u00e1ln\u00ed nab\u00eddka na\u0161eho rodinn\u00e9ho z\u00e1zem\u00ed. Nask\u00fdt\u00e1 se zde ubytov\u00e1n\u00ed penzion Valtice. Modern\u00ed pokoje, kter\u00e9 jsou renovovan\u00e9 a tak\u00e9 nov\u00e9 cenov\u00e9 nab\u00eddky. Pokoje jsou v\u00a0r\u016fzn\u00e9m stylu, av\u0161ak potrp\u00edme si na vysokou \u00farove\u0148, ale z\u00e1rove\u0148 \u00fatuln\u00e9 barvy. Tak\u00e9 nab\u00edz\u00edme mo\u017enost vybrat si hned z\u00a0n\u011bkolika dvoul\u016f\u017ekov\u00fdch pokoj\u016f, d\u00e1le m\u00e1me i jednol\u016f\u017ekov\u00fd. Apartm\u00e1ny po dvou lo\u017enic\u00edch nebo apartm\u00e1n pro dv\u011b osoby. Samoz\u0159ejm\u011b se sn\u00eddan\u00ed, aby se v\u00e1m dob\u0159e vst\u00e1valo a mohli jste za\u010d\u00edt sv\u016fj den s\u00a0\u00fasm\u011bvem a v\u00fdborn\u00fdm ob\u010derstven\u00edm z na\u0161\u00ed kuchyn\u011b.\tPod\u00edvejte se na n\u011bkter\u00e9 pokojeJist\u011b v\u00e1s na\u0161e nab\u00eddka uchv\u00e1t\u00ed. Sna\u017e\u00edme se dost\u00e1t vysok\u00e9mu standardu, tak\u017ee u n\u00e1s najdete mimo jin\u00e9 je\u0161t\u011b minilednici, klimatizaci, pro teplej\u0161\u00ed dny, kdy si m\u016f\u017eete nastavit velice p\u0159\u00edjemnou chladn\u011bj\u0161\u00ed teplotu nebo tak\u00e9 terasu s\u00a0kr\u00e1sn\u00fdm posezen\u00edm, \u010di internetov\u00e9 p\u0159ipojen\u00ed v\u00a0cel\u00e9m are\u00e1lu zdarma formou wi-fi, co\u017e jist\u011b ocen\u00ed ka\u017ed\u00fd a\u0165 u\u017e mlad\u0161\u00ed nebo star\u0161\u00ed n\u00e1v\u0161t\u011bvn\u00edk. Zaj\u00edmavost\u00ed nap\u0159\u00edklad m\u016f\u017ee b\u00fdt trezor, kter\u00fd u n\u00e1s tak\u00e9 nen\u00ed v\u00fdjimkou. Velice r\u00e1di v\u00e1s u n\u00e1s p\u0159iv\u00edt\u00e1me.                                                                                                                                                                                                                                                                                                                                                                                        4.7\/5 - (4 votes)        "},{"@context":"https:\/\/schema.org\/","@type":"BreadcrumbList","itemListElement":[{"@type":"ListItem","position":1,"name":"Prost\u0159ed\u00ed, kam se r\u00e1di vrac\u00edme","item":"https:\/\/www.batiky.cz\/prostredi-kam-se-radi-vracime\/#breadcrumbitem"}]}]